{"id":6281,"date":"2026-03-02T21:17:00","date_gmt":"2026-03-02T21:17:00","guid":{"rendered":"https:\/\/sjalvstyri.fo\/?p=6281"},"modified":"2026-03-03T00:09:13","modified_gmt":"2026-03-03T00:09:13","slug":"vedrid-skal-vera-einasta-avmarking-hja-utrodrinum","status":"publish","type":"post","link":"https:\/\/sjalvstyri.fo\/index.php\/2026\/03\/02\/vedrid-skal-vera-einasta-avmarking-hja-utrodrinum\/","title":{"rendered":"Ve\u00f0ri\u00f0 skal vera einasta avmarking hj\u00e1 \u00fatr\u00f3\u00f0rinum"},"content":{"rendered":"\n<p><strong>\u00datr\u00f3\u00f0rarflotin skal kunna fiska fr\u00edtt, t\u00ed n\u00e1tt\u00faran regulerar hann longu. \u00datr\u00f3\u00f0urin er b\u00e6\u00f0i livibrey\u00f0 og mentanararvur.<\/strong><\/p>\n\n\n\n<p>\u00datr\u00f3\u00f0rarflotin er \u00ed eini serst\u00f8\u00f0u samanbori\u00f0 vi\u00f0 st\u00f8rri skipini. Har tey st\u00f3ru skipini kunnu fiska eftir fastl\u00f8gdu kvotum og dagatali, t\u00ed tey ikki eru eins bundin av ve\u00f0ri og streymi, er \u00fatr\u00f3\u00f0rarflotin beinlei\u00f0is avmarka\u00f0ur av n\u00e1tt\u00faruni.<\/p>\n\n\n\n<p>\u00datr\u00f3\u00f0urin er, umframt at vera innt\u00f8kuleldan hj\u00e1 \u00fatr\u00f3\u00f0rarmonnunum, eisini ein partur av okkara mentan. T\u00ed eigur ve\u00f0ur og streymur at vera tann einasta avmarkingin fyri \u00fatr\u00f3\u00f0urin \u2013 ikki politiskt \u00e1settar kvotur ella a\u00f0rar reguleringar.<\/p>\n\n\n\n<p>S\u00e1mal Petur \u00ed Grund<br>Forma\u00f0ur \u00ed Sj\u00e1lvst\u00fdri<\/p>\n\n\n\n<figure class=\"wp-block-image size-large\"><img fetchpriority=\"high\" decoding=\"async\" width=\"1024\" height=\"1024\" src=\"https:\/\/sjalvstyri.fo\/wp-content\/uploads\/2026\/03\/Samal-Petur-i-Grund-1-1024x1024.jpg\" alt=\"\" class=\"wp-image-6280\" srcset=\"https:\/\/sjalvstyri.fo\/wp-content\/uploads\/2026\/03\/Samal-Petur-i-Grund-1-1024x1024.jpg 1024w, https:\/\/sjalvstyri.fo\/wp-content\/uploads\/2026\/03\/Samal-Petur-i-Grund-1-300x300.jpg 300w, https:\/\/sjalvstyri.fo\/wp-content\/uploads\/2026\/03\/Samal-Petur-i-Grund-1-150x150.jpg 150w, https:\/\/sjalvstyri.fo\/wp-content\/uploads\/2026\/03\/Samal-Petur-i-Grund-1-768x768.jpg 768w, https:\/\/sjalvstyri.fo\/wp-content\/uploads\/2026\/03\/Samal-Petur-i-Grund-1-1000x1000.jpg 1000w, https:\/\/sjalvstyri.fo\/wp-content\/uploads\/2026\/03\/Samal-Petur-i-Grund-1-230x230.jpg 230w, https:\/\/sjalvstyri.fo\/wp-content\/uploads\/2026\/03\/Samal-Petur-i-Grund-1-350x350.jpg 350w, https:\/\/sjalvstyri.fo\/wp-content\/uploads\/2026\/03\/Samal-Petur-i-Grund-1-480x480.jpg 480w, https:\/\/sjalvstyri.fo\/wp-content\/uploads\/2026\/03\/Samal-Petur-i-Grund-1-420x420.jpg 420w, https:\/\/sjalvstyri.fo\/wp-content\/uploads\/2026\/03\/Samal-Petur-i-Grund-1-800x800.jpg 800w, https:\/\/sjalvstyri.fo\/wp-content\/uploads\/2026\/03\/Samal-Petur-i-Grund-1-100x100.jpg 100w, https:\/\/sjalvstyri.fo\/wp-content\/uploads\/2026\/03\/Samal-Petur-i-Grund-1.jpg 1080w\" sizes=\"(max-width: 1024px) 100vw, 1024px\" \/><\/figure>\n","protected":false},"excerpt":{"rendered":"<p>\u00datr\u00f3\u00f0rarflotin skal kunna fiska fr\u00edtt, t\u00ed n\u00e1tt\u00faran regulerar hann longu. \u00datr\u00f3\u00f0urin er b\u00e6\u00f0i livibrey\u00f0 og mentanararvur. \u00datr\u00f3\u00f0rarflotin er \u00ed eini serst\u00f8\u00f0u samanbori\u00f0<\/p>\n","protected":false},"author":8,"featured_media":6280,"comment_status":"open","ping_status":"open","sticky":false,"template":"","format":"standard","meta":{"footnotes":""},"categories":[1,10,15],"tags":[],"class_list":["post-6281","post","type-post","status-publish","format-standard","has-post-thumbnail","hentry","category-onnurtidindi","category-politikkur","category-tidindi"],"_links":{"self":[{"href":"https:\/\/sjalvstyri.fo\/index.php\/wp-json\/wp\/v2\/posts\/6281","targetHints":{"allow":["GET"]}}],"collection":[{"href":"https:\/\/sjalvstyri.fo\/index.php\/wp-json\/wp\/v2\/posts"}],"about":[{"href":"https:\/\/sjalvstyri.fo\/index.php\/wp-json\/wp\/v2\/types\/post"}],"author":[{"embeddable":true,"href":"https:\/\/sjalvstyri.fo\/index.php\/wp-json\/wp\/v2\/users\/8"}],"replies":[{"embeddable":true,"href":"https:\/\/sjalvstyri.fo\/index.php\/wp-json\/wp\/v2\/comments?post=6281"}],"version-history":[{"count":4,"href":"https:\/\/sjalvstyri.fo\/index.php\/wp-json\/wp\/v2\/posts\/6281\/revisions"}],"predecessor-version":[{"id":6288,"href":"https:\/\/sjalvstyri.fo\/index.php\/wp-json\/wp\/v2\/posts\/6281\/revisions\/6288"}],"wp:featuredmedia":[{"embeddable":true,"href":"https:\/\/sjalvstyri.fo\/index.php\/wp-json\/wp\/v2\/media\/6280"}],"wp:attachment":[{"href":"https:\/\/sjalvstyri.fo\/index.php\/wp-json\/wp\/v2\/media?parent=6281"}],"wp:term":[{"taxonomy":"category","embeddable":true,"href":"https:\/\/sjalvstyri.fo\/index.php\/wp-json\/wp\/v2\/categories?post=6281"},{"taxonomy":"post_tag","embeddable":true,"href":"https:\/\/sjalvstyri.fo\/index.php\/wp-json\/wp\/v2\/tags?post=6281"}],"curies":[{"name":"wp","href":"https:\/\/api.w.org\/{rel}","templated":true}]}}